{"id":959,"date":"2023-01-20T13:18:46","date_gmt":"2023-01-20T13:18:46","guid":{"rendered":"https:\/\/drivin.com.br\/?p=959"},"modified":"2025-04-11T07:51:21","modified_gmt":"2025-04-11T07:51:21","slug":"sa-nowe-czlonkinie-rpp-zlozyly-przysiege-przed","status":"publish","type":"post","link":"https:\/\/drivin.com.br\/index.php\/2023\/01\/20\/sa-nowe-czlonkinie-rpp-zlozyly-przysiege-przed\/","title":{"rendered":"S\u0105 nowe cz\u0142onkinie RPP  Z\u0142o\u017cy\u0142y przysi\u0119g\u0119 przed Sejmem"},"content":{"rendered":"<p>Po czym nast\u0105pi\u0142o g\u0142osowanie w Sejmie i decyzj\u0105 pos\u0142\u00f3w PiS zosta\u0142a w\u0142\u0105czona w poczet RPP. Sprawdzi\u0142a si\u0119 w studiu Radia Maryja, w Sejmie wiernie oddana Prawu i Sprawiedliwo\u015bci. Decydowa\u0142a o tym, czy nasze kredyty b\u0119d\u0105 tania\u0142y, czy dro\u017ca\u0142y. Gabriela Mas\u0142owska do\u0142\u0105cza do Rady Polityki Pieni\u0119\u017cnej. Wraz z ni\u0105 cz\u0142onkini\u0105 RPP zosta\u0142a Iwona Duda. Gabriela Mas\u0142owska by\u0142a pos\u0142em na Sejm IV, V, VI, VII ,VIII a tak\u017ce IX &#8211; obecnej kadencji Sejmu.<\/p>\n<ul>\n<li>Najwidoczniej sprawy prywatne uda\u0142o si\u0119 pouk\u0142ada\u0107, bo ju\u017c w pa\u017adzierniku nie odm\u00f3wi\u0142a prezesowi Kaczy\u0144skiemu i ca\u0142ej rz\u0105dz\u0105cej formacji \u2013 kandydatur\u0119 przyj\u0119\u0142a.<\/li>\n<li>Sprawdzi\u0142a si\u0119 w studiu Radia Maryja, w Sejmie wiernie oddana Prawu i Sprawiedliwo\u015bci.<\/li>\n<li>Reporter TVN24 Radomir Wit rozmawia\u0142 w pi\u0105tek w Sejmie z Gabriel\u0105 Mas\u0142owsk\u0105, pos\u0142ank\u0105 Prawa i Sprawiedliwo\u015bci, kandydatk\u0105 do Rady Polityki Pieni\u0119\u017cnej.<\/li>\n<li>Po listopadowej projekcji inflacji nale\u017cy podj\u0105\u0107 decyzj\u0119, czy dalej umiarkowanie podwy\u017csza\u0107 stopy procentowe, czy te\u017c pozostawi\u0107 je bez zmian, ale na d\u0142u\u017cej \u2014 napisa\u0142a w artykule dla Radia Maryja cz\u0142onkini RPP Gabriela Mas\u0142owska.<\/li>\n<li>Je\u015bli si\u0119 oka\u017ce, \u017ce jeszcze nie ma efekt\u00f3w, to przypuszczam, ze niewielka podwy\u017cka st\u00f3p b\u0119dzie konieczna, ale uwa\u017cam, \u017ce nale\u017cy poczeka\u0107 i oceni\u0107 efekty dotychczasowych dzia\u0142a\u0144\u201d \u2013 powiedzia\u0142a Gabriela Mas\u0142owska.<\/li>\n<\/ul>\n<p>Jak m\u00f3wi\u0142, nie powinno si\u0119 tego robi\u0107; pochwali\u0142 te\u017c \u015brodow\u0105 decyzj\u0119 Rady, kt\u00f3ra nie zmieni\u0142a st\u00f3p procentowych. Wed\u0142ug niego skutki dalszych podwy\u017cek st\u00f3p by\u0142by \u201ebardzo negatywne\u201d i wpycha\u0142yby gospodark\u0119 w recesj\u0119. Szlinder uwa\u017ca, \u017ce RPP ma do\u015b\u0107 ograniczone mo\u017cliwo\u015bci walki z inflacj\u0105. Doda\u0142, \u017ce za wysok\u0105 inflacj\u0119 odpowiada teraz \u201emar\u017cowy boom\u201d. \u2013 Sytuacja \u015brednich i du\u017cych przedsi\u0119biorstw jest dobra jak nigdy. Problem inflacyjny zrzucony jest na pracownik\u00f3w i konsument\u00f3w \u2013 powiedzia\u0142.<\/p>\n<p>Specjalizuje si\u0119 w ekonomii mi\u0119dzynarodowej, ekonomii sektora publicznego oraz historii gospodarczej. Mas\u0142owska podczas posiedzenia komisji zwr\u00f3ci\u0142a uwag\u0119, \u017ce obecnie wida\u0107 sygna\u0142y os\u0142abienia w gospodarce. Pozytywn\u0105 rekomendacj\u0119 uzyska\u0142a r\u00f3wnie\u017c druga kandydatka zg\u0142oszona przez PiS-&nbsp; Iwona Duda. Komisja nie popar\u0142a natomiast kandydatur zg\u0142oszonych przez Lewic\u0119 \u2013 Dariusza Standerskiego oraz Macieja Szlindera. Senat powo\u0142a\u0142 Joann\u0119 Bo\u017cen\u0119 Tyrowicz na stanowisko <a href=\"https:\/\/forexdata.info\/algorytm-handlowy-do-czego-potrzebny-jest-przedsiebiorca\/\">Algorytm handlowy Do czego potrzebny jest przedsi\u0119biorca?<\/a> cz\u0142onka Rady Polityki Pieni\u0119\u017cnej. Najwidoczniej sprawy prywatne uda\u0142o si\u0119 pouk\u0142ada\u0107, bo ju\u017c w pa\u017adzierniku nie odm\u00f3wi\u0142a prezesowi Kaczy\u0144skiemu i ca\u0142ej rz\u0105dz\u0105cej formacji \u2013 kandydatur\u0119 przyj\u0119\u0142a.<\/p>\n<h2>Gabriela Mas\u0142owska z rekomendacj\u0105 Komisji Finans\u00f3w Publicznych do RPP<\/h2>\n<p>Ju\u017c w styczniu pos\u0142owie PiS zg\u0142osili Mas\u0142owsk\u0105 na kandydatk\u0119 do RPP, ta jednak wycofa\u0142a si\u0119, uzasadniaj\u0105c to &#8220;przyczynami osobistymi&#8221;. Jej kandydatura zosta\u0142a zg\u0142oszona ponownie pod koniec wrze\u015bnia tego roku. \u2013 W najbli\u017cszym czasie mo\u017ce pojawi\u0107 si\u0119 przestrze\u0144 do obni\u017cenia st\u00f3p procentowych \u2013 zapowiedzia\u0142 szef NBP Adam G&#8230; Mimo, \u017ce cykl podwy\u017cek st\u00f3p nie zosta\u0142 zako\u0144czony to s\u0105 one ma\u0142o prawdopodobne &#8211; napisa\u0142a w felietonie dla Radia Maryja, cz\u0142onek RPP Gabriela Mas\u0142owska.<\/p>\n<div style='text-align:center'><iframe width='569' height='312' src='https:\/\/www.youtube.com\/embed\/RHGpewLH1Ck' frameborder='0' alt='gabriela mas\u0142owska rpp' allowfullscreen><\/iframe><\/div>\n<p>Jako wyk\u0142adowczyni zwi\u0105zana tak\u017ce z Wy\u017csz\u0105 Szko\u0142\u0105 Kultury Spo\u0142ecznej i Medialnej w Toruniu3. Wyrazi\u0142a pozytywn\u0105 opini\u0119 na temat repolonizacji sektora bankowego w Polsce. W jej ocenie, struktura w\u0142asno\u015bciowa sektora bankowego ma wp\u0142yw na skuteczno\u015b\u0107 prowadzenia polityki pieni\u0119\u017cnej. Zg\u0142oszona przez Prawo i Sprawiedliwo\u015b\u0107 pos\u0142anka z wojew\u00f3dztwa lubelskiego Gabriela Mas\u0142owska (na zdj.) otrzyma\u0142a w \u015brod\u0119 (05.10) pozytywn\u0105 opini\u0119 sejmowej komisji finans\u00f3w, jako kandydatka do Rady Polityki Pieni\u0119\u017cnej. Jej zdaniem &#8220;nie podwa\u017ca to zupe\u0142nie wiarygodno\u015bci prezesa Glapi\u0144skiego, bo tak w\u0142a\u015bnie zmienia\u0142a si\u0119&nbsp;sytuacja&#8221;. &#8211; Te wska\u017aniki, kt\u00f3re bierzemy pod uwag\u0119 przy szacowaniu przysz\u0142ej inflacji, ulegaj\u0105&nbsp;zmianie pod wp\u0142ywem sytuacji \u015bwiatowej.<\/p>\n<h2>RPP zdecydowa\u0142a o stopach procentowych. Kluczowe informacje dla kredytobiorc\u00f3w<\/h2>\n<p>Na pocz\u0105tku wrze\u015bnia 2022 Senat powo\u0142a\u0142 Joann\u0119 Bo\u017cen\u0119 Tyrowicz na stanowisko cz\u0142onka Rady Polityki Pieni\u0119\u017cnej. Senat uzupe\u0142ni\u0142 sk\u0142ad RPP w zwi\u0105zku z rezygnacj\u0105 ze stanowiska przez Rafa\u0142a Sur\u0119, kt\u00f3ry zosta\u0142 powo\u0142any pod koniec lipca do Zarz\u0105du NBP. Dariusz Standerski to ekonomista i prawnik, absolwent Wydzia\u0142u Prawa i Administracji oraz Wydzia\u0142u Nauk Ekonomicznych Uniwersytetu Warszawskiego, gdzie obecnie wyk\u0142ada. Uczestniczy w post\u0119powaniu w sprawie nadania stopnia doktora w dyscyplinie ekonomia i finanse.<\/p>\n<h2>Komisja Finans\u00f3w Publicznych zarekomendowa\u0142a Gabriel\u0119 Mas\u0142owsk\u0105 na cz\u0142onka RPP<\/h2>\n<p>Za drugim razem w pa\u017adzierniku 2022 zosta\u0142a wybrana przez Sejm do tego gremium10 na sze\u015bcioletni\u0105 kadencj\u011911; w konsekwencji wygas\u0142 jej mandat poselski. Gabriela Mas\u0142owska z domu Szczuka (ur. 27 czerwca 1950 w Batorzu) \u2013 polska polityk, ekonomistka, nauczycielka akademicka, pos\u0142anka na Sejm IV, V, VI, VII, VIII i IX kadencji, cz\u0142onek Rady Polityki Pieni\u0119\u017cnej w kadencji 2022\u20132028. Maciej Szlinder zajmuje si\u0119 rozwi\u0105zaniami w polityce gospodarczej i spo\u0142ecznej. Wraz z zespo\u0142em wsp\u00f3\u0142pracownik\u00f3w przygotowa\u0142 <a href=\"https:\/\/www.dowjonesrisk.com\/the-rba-and-its-impact-on-aussie\/\">RBA i jego wp\u0142yw na Aussie<\/a> projekt programu pilota\u017cowego bezwarunkowego dochodu podstawowego w polskich gminach pogranicza polsko-rosyjskiego. Klub PiS zg\u0142osi\u0142 kandydatury Iwony Dudy i Gabrieli Mas\u0142owskiej do Rady Polityki Pieni\u0119\u017cnej pod koniec wrze\u015bnia tego roku. Klub PiS zg\u0142osi\u0142 kandydatury Iwony Dudy i Gabrieli Mas\u0142owskiej do Rady Polityki Pieni\u0119\u017cnej (RPP) pod koniec wrze\u015bnia tego roku.<\/p>\n<h2>NBP odpowiada by\u0142ym szefom banku centralnego. &#8220;Nieprawdziwe tezy i zarzuty&#8221;<\/h2>\n<div style='text-align:center'><iframe width='565' height='316' src='https:\/\/www.youtube.com\/embed\/SAmJgW_zpjM' frameborder='0' alt='gabriela mas\u0142owska rpp' allowfullscreen><\/iframe><\/div>\n<p>We wtorek Komisja Finans\u00f3w Publicznych w g\u0142osowaniu zdecydowa\u0142a o poparciu pose\u0142 Gabrieli Mas\u0142owskiej na cz\u0142onka Rady Polityki Pieni\u0119\u017cnej. Pose\u0142 zosta\u0142a zg\u0142oszona przez grup\u0119 pos\u0142\u00f3w Klubu Parlamentarnego Prawo i Sprawiedliwo\u015b\u0107. Wcze\u015bniej Mas\u0142owska broni\u0142a prezesa NBP Adama Glapi\u0144skiego, przekonuj\u0105c, \u017ce nieprecyzyjne i chybione szacunki dotycz\u0105ce inflacji nie podwa\u017caj\u0105 jego wiarygodno\u015bci, &#8220;bo tak w\u0142a\u015bnie zmienia\u0142a si\u0119 sytuacja&#8221;.<\/p>\n<p>Podkre\u015bli\u0142a, \u017ce inflacja konsumencka spad\u0142a &#8220;znacznie i trwale&#8221;, co umo\u017cliwi\u0142o obni\u017cki st\u00f3p procentowych, a gospodarka i popyt konsumencki nie mog\u0105 by\u0107 dalej t\u0142umione do g\u0142\u0119bszych poziom\u00f3w. Zaznaczy\u0142a, \u017ce sytuacja jest bardzo dynamiczna, a dalsze decyzje b\u0119d\u0105 zale\u017ce\u0107 od tego, jakie dane b\u0119d\u0105 nap\u0142ywa\u0107. W trakcie obrad komisji Gabriela Mas\u0142owska odpowiada\u0142a na pytania pos\u0142\u00f3w. Pytanie o to, jakie b\u0142\u0119dy pope\u0142ni\u0142a obecna RPP w walce z inflacj\u0105. Uwa\u017cam, i m\u00f3wi\u0142am to wcze\u015bniej, \u017ce RPP nie pope\u0142ni\u0142a zasadniczego b\u0142\u0119du.<\/p>\n<ul>\n<li>Przyzna\u0142a, \u017ce Polska jest do tego zobowi\u0105zana, ale \u2013 wed\u0142ug niej \u2013 przed Uni\u0105 Europejsk\u0105 stoj\u0105 ogromne zmiany i mo\u017cliwe jest, \u017ce &#8220;przepisy nakazuj\u0105ce rezygnacj\u0119 z naszej waluty ulegn\u0105 zmianie&#8221;.<\/li>\n<li>S\u0142owa Mas\u0142owskiej skomentowa\u0142a w &#8220;Jeden na jeden&#8221; by\u0142a prezeska Narodowego Banku Polskiego Hanna Gronkiewicz-Waltz.\u2014 To jest dramat taka wypowied\u017a.<\/li>\n<li>Wcze\u015bniej Mas\u0142owska broni\u0142a prezesa NBP Adama Glapi\u0144skiego, przekonuj\u0105c, \u017ce nieprecyzyjne i chybione szacunki dotycz\u0105ce inflacji nie podwa\u017caj\u0105 jego wiarygodno\u015bci, &#8220;bo tak w\u0142a\u015bnie zmienia\u0142a si\u0119 sytuacja&#8221;.<\/li>\n<li>Mas\u0142owska ju\u017c raz kandydowa\u0142a do RPP, ale w\u00a0trakcie procedury si\u0119 wycofa\u0142a.<\/li>\n<li>Pose\u0142 zosta\u0142a zg\u0142oszona przez grup\u0119 pos\u0142\u00f3w Klubu Parlamentarnego Prawo i Sprawiedliwo\u015b\u0107.<\/li>\n<\/ul>\n<h2>Perspektywa obni\u017cek st\u00f3p si\u0119 oddali\u0142a. GUS zrobi\u0142 badanie<\/h2>\n<p>Z wykszta\u0142cenia jest ekonomistk\u0105, na Wydziale Ekonomicznym Uniwersytetu Marii Curie-Sk\u0142odowskiej w Lublinie uzyska\u0142a stopie\u0144 doktora nauk ekonomicznych. Rada ustala corocznie za\u0142o\u017cenia polityki pieni\u0119\u017cnej i&nbsp;ponosi odpowiedzialno\u015b\u0107 za realizacj\u0119 wcze\u015bniej przyj\u0119tych za\u0142o\u017ce\u0144. Ustala wysoko\u015b\u0107 st\u00f3p procentowych, stopy rezerwy obowi\u0105zkowej bank\u00f3w oraz sp\u00f3\u0142dzielczych kas oszcz\u0119dno\u015bciowo-kredytowych i&nbsp;wysoko\u015b\u0107 jej oprocentowania. Wskaza\u0142a, \u017ce kluczowe znaczenie ma dob\u00f3r odpowiedniej strategii. Pierwsza z nich polega\u0142aby na tym, aby &#8220;radykalnie podnosi\u0107 stopy procentowe i czyni\u0107 to w taki spos\u00f3b, aby stosunkowo szybko podstawowa stopa NBP by\u0142a wy\u017csza od inflacji&#8221;.<\/p>\n<p>Zar\u00f3wno Mas\u0142owska, <a href=\"https:\/\/forexdreamland.com\/podstawy-forex\/sygnaly-forex-czym-sa-i-jak-je-wykorzystywac\/\">Sygna\u0142y Forex<\/a> jak i Duda uzyska\u0142y wcze\u015bniej pozytywn\u0105 opini\u0119 sejmowej komisji finans\u00f3w. Kandydatura doktor nauk ekonomicznych, pos\u0142anki i publicystki Gabrieli Mas\u0142owskiej do Rady Polityki Pieni\u0119\u017cnej przez Prawo i Sprawiedliwo\u015b\u0107 zosta\u0142a zg\u0142oszona ju\u017c w lutym 2022 roku. Wtedy jednak kandydatka zrezygnowa\u0142a, co t\u0142umaczy\u0142a &#8220;powodami osobistymi&#8221;. Pos\u0142anka Mas\u0142owska podkre\u015bla\u0142a, \u017ce nale\u017cy dba\u0107 o warto\u015b\u0107 pieni\u0105dza, ale w taki spos\u00f3b, aby nie pogorszy\u0107 sytuacji w zakresie bezrobocia.<\/p>\n<h2>S\u0105 nowe cz\u0142onkinie RPP. Z\u0142o\u017cy\u0142y przysi\u0119g\u0119 przed Sejmem<\/h2>\n<p>Rada Polityki Pieni\u0119\u017cnej jest organem powo\u0142anym w&nbsp;Polsce do kszta\u0142towania polityki monetarnej kraju zgodnie z&nbsp;art. 227 Konstytucji RP. RPP jest odpowiedzialna za podstawowe za\u0142o\u017cenia polityki pieni\u0119\u017cnej w&nbsp;Polsce i&nbsp;ponosi odpowiedzialno\u015b\u0107 za realizacj\u0119 wcze\u015bniej przyj\u0119tych za\u0142o\u017ce\u0144. Sk\u0142ada ona sprawozdania z&nbsp;wykonania plan\u00f3w w&nbsp;Sejmie. Cz\u0142onkini Rady napisa\u0142a te\u017c, \u017ce NBP powinien korzysta\u0107 z&nbsp;interwencji walutowych z&nbsp;ostro\u017cno\u015bci\u0105, informuj\u0105c o&nbsp;fakcie ich dokonania po przeprowadzeniu konkretnej interwencji. Zaznaczy\u0142a, \u017ce popiera tak\u017ce rozwi\u0105zania, kt\u00f3re b\u0119d\u0105 s\u0142u\u017cy\u0107 zwi\u0119kszeniu zysk\u00f3w z&nbsp;tytu\u0142u zarz\u0105dzania rezerwami walutowymi, w&nbsp;tym na przyk\u0142ad poprzez uwzgl\u0119dnienie instrument\u00f3w zwi\u0105zanych z&nbsp;rynkiem akcji. Cz\u0142onkini RPP opowiedzia\u0142a si\u0119 za tym, aby &#8220;ci\u0105gle rozwa\u017ca\u0107 potrzeb\u0119 u\u017cywania instrument\u00f3w niestandardowych przez polski bank centralny po to, aby by\u0107 przygotowanym na to, \u017ce kiedy pojawi si\u0119 taka potrzeba, to b\u0119dzie mo\u017cna tych instrument\u00f3w u\u017cy\u0107&#8221;.<\/p>\n<p>W o\u015bwiadczeniu z\u0142o\u017conym do sekretariatu marsza\u0142ka Sejmu napisa\u0142a, \u017ce wycofuje swoj\u0105 kandydatur\u0119 z przyczyn osobistych. Dariusz Standerski na pytanie dotycz\u0105ce poziomu st\u00f3p procentowych przyzna\u0142, \u017ce w obecnej sytuacji, gdyby by\u0142 cz\u0142onkiem RPP, zag\u0142osowa\u0142by za pozostawieniem st\u00f3p na dotychczasowym poziomie. Jego zdaniem takich narz\u0119dzi jak interwencje na rynku walutowym nale\u017cy u\u017cywa\u0107 bardzo ostro\u017cnie. Wskaza\u0142a, \u017ce wskutek zaostrzaj\u0105cej si\u0119 polityki pieni\u0119\u017cnej Narodowego Banku Polskiego wyra\u017anie spad\u0142o zainteresowanie kredytami hipotecznymi, o ponad 60 proc. \u2013 To jest gro\u017ane zjawisko i wyra\u017anie wskazuj\u0105ce na to, \u017ce grozi nam wyhamowanie tempa wzrostu gospodarczego \u2013 oceni\u0142a. W \u0142awie poselskiej sp\u0119dzi\u0142a kilka kolejnych kadencji \u2014 najpierw z Lig\u0105 Polskich Rodzin, od 2007 r.<\/p>\n<div style='text-align:center'><iframe width='565' height='312' src='https:\/\/www.youtube.com\/embed\/-luegSi1AGo' frameborder='0' alt='gabriela mas\u0142owska rpp' allowfullscreen><\/iframe><\/div>\n","protected":false},"excerpt":{"rendered":"<p>Po czym nast\u0105pi\u0142o g\u0142osowanie w Sejmie i decyzj\u0105 pos\u0142\u00f3w PiS zosta\u0142a w\u0142\u0105czona w poczet RPP. Sprawdzi\u0142a si\u0119 w studiu Radia Maryja, w Sejmie wiernie oddana Prawu i Sprawiedliwo\u015bci. Decydowa\u0142a o tym, czy nasze kredyty b\u0119d\u0105 tania\u0142y, czy dro\u017ca\u0142y. Gabriela Mas\u0142owska do\u0142\u0105cza do Rady Polityki Pieni\u0119\u017cnej. Wraz z ni\u0105 cz\u0142onkini\u0105 RPP zosta\u0142a Iwona Duda. Gabriela Mas\u0142owska by\u0142a pos\u0142em na Sejm IV, V, VI, VII ,VIII a tak\u017ce IX &#8211; obecnej kadencji Sejmu. Najwidoczniej sprawy prywatne uda\u0142o si\u0119 pouk\u0142ada\u0107, bo ju\u017c w pa\u017adzierniku nie odm\u00f3wi\u0142a prezesowi Kaczy\u0144skiemu i ca\u0142ej rz\u0105dz\u0105cej formacji \u2013 kandydatur\u0119 przyj\u0119\u0142a. Sprawdzi\u0142a si\u0119 w studiu Radia Maryja, w Sejmie wiernie oddana Prawu i Sprawiedliwo\u015bci. Reporter TVN24 Radomir Wit rozmawia\u0142 w pi\u0105tek w Sejmie z Gabriel\u0105 Mas\u0142owsk\u0105, pos\u0142ank\u0105 Prawa i Sprawiedliwo\u015bci, kandydatk\u0105 do Rady Polityki Pieni\u0119\u017cnej. Po listopadowej projekcji inflacji nale\u017cy podj\u0105\u0107 decyzj\u0119, czy dalej umiarkowanie podwy\u017csza\u0107 stopy procentowe, czy te\u017c pozostawi\u0107 je bez zmian, ale na d\u0142u\u017cej \u2014 napisa\u0142a w artykule dla Radia Maryja cz\u0142onkini RPP Gabriela Mas\u0142owska. Je\u015bli si\u0119 oka\u017ce, \u017ce jeszcze nie ma efekt\u00f3w, to przypuszczam, ze niewielka podwy\u017cka st\u00f3p b\u0119dzie konieczna, ale uwa\u017cam, \u017ce nale\u017cy poczeka\u0107 i oceni\u0107 efekty dotychczasowych dzia\u0142a\u0144\u201d \u2013 powiedzia\u0142a Gabriela Mas\u0142owska. Jak m\u00f3wi\u0142, nie powinno si\u0119 tego robi\u0107; pochwali\u0142 te\u017c \u015brodow\u0105 decyzj\u0119 Rady, kt\u00f3ra nie zmieni\u0142a st\u00f3p procentowych. Wed\u0142ug niego skutki dalszych podwy\u017cek st\u00f3p by\u0142by \u201ebardzo negatywne\u201d i wpycha\u0142yby gospodark\u0119 w recesj\u0119. Szlinder uwa\u017ca, \u017ce RPP ma do\u015b\u0107 ograniczone mo\u017cliwo\u015bci walki z inflacj\u0105. Doda\u0142, \u017ce za wysok\u0105 inflacj\u0119 odpowiada teraz \u201emar\u017cowy boom\u201d. \u2013 Sytuacja \u015brednich i du\u017cych przedsi\u0119biorstw jest dobra jak nigdy. Problem inflacyjny zrzucony jest na pracownik\u00f3w i konsument\u00f3w \u2013 powiedzia\u0142. Specjalizuje si\u0119 w ekonomii mi\u0119dzynarodowej, ekonomii sektora publicznego oraz historii gospodarczej. Mas\u0142owska podczas posiedzenia komisji zwr\u00f3ci\u0142a uwag\u0119, \u017ce obecnie wida\u0107 sygna\u0142y os\u0142abienia w gospodarce. Pozytywn\u0105 rekomendacj\u0119 uzyska\u0142a r\u00f3wnie\u017c druga kandydatka zg\u0142oszona przez PiS-&nbsp; Iwona Duda. Komisja nie popar\u0142a natomiast kandydatur zg\u0142oszonych przez Lewic\u0119 \u2013 Dariusza Standerskiego oraz Macieja Szlindera. Senat powo\u0142a\u0142 Joann\u0119 Bo\u017cen\u0119 Tyrowicz na stanowisko Algorytm handlowy Do czego potrzebny jest przedsi\u0119biorca? cz\u0142onka Rady Polityki Pieni\u0119\u017cnej. Najwidoczniej sprawy prywatne uda\u0142o si\u0119 pouk\u0142ada\u0107, bo ju\u017c w pa\u017adzierniku nie odm\u00f3wi\u0142a prezesowi Kaczy\u0144skiemu i ca\u0142ej rz\u0105dz\u0105cej formacji \u2013 kandydatur\u0119 przyj\u0119\u0142a. Gabriela Mas\u0142owska z rekomendacj\u0105 Komisji Finans\u00f3w Publicznych do RPP Ju\u017c w styczniu pos\u0142owie PiS zg\u0142osili Mas\u0142owsk\u0105 na kandydatk\u0119 do RPP, ta jednak wycofa\u0142a si\u0119, uzasadniaj\u0105c to &#8220;przyczynami osobistymi&#8221;. Jej kandydatura zosta\u0142a zg\u0142oszona ponownie pod koniec wrze\u015bnia tego roku. \u2013 W najbli\u017cszym czasie mo\u017ce pojawi\u0107 si\u0119 przestrze\u0144 do obni\u017cenia st\u00f3p procentowych \u2013 zapowiedzia\u0142 szef NBP Adam G&#8230; Mimo, \u017ce cykl podwy\u017cek st\u00f3p nie zosta\u0142 zako\u0144czony to s\u0105 one ma\u0142o prawdopodobne &#8211; napisa\u0142a w felietonie dla Radia Maryja, cz\u0142onek RPP Gabriela Mas\u0142owska. Jako wyk\u0142adowczyni zwi\u0105zana tak\u017ce z Wy\u017csz\u0105 Szko\u0142\u0105 Kultury Spo\u0142ecznej i Medialnej w Toruniu3. Wyrazi\u0142a pozytywn\u0105 opini\u0119 na temat repolonizacji sektora bankowego w Polsce. W jej ocenie, struktura w\u0142asno\u015bciowa sektora bankowego ma wp\u0142yw na skuteczno\u015b\u0107 prowadzenia polityki pieni\u0119\u017cnej. Zg\u0142oszona przez Prawo i Sprawiedliwo\u015b\u0107 pos\u0142anka z wojew\u00f3dztwa lubelskiego Gabriela Mas\u0142owska (na zdj.) otrzyma\u0142a w \u015brod\u0119 (05.10) pozytywn\u0105 opini\u0119 sejmowej komisji finans\u00f3w, jako kandydatka do Rady Polityki Pieni\u0119\u017cnej. Jej zdaniem &#8220;nie podwa\u017ca to zupe\u0142nie wiarygodno\u015bci prezesa Glapi\u0144skiego, bo tak w\u0142a\u015bnie zmienia\u0142a si\u0119&nbsp;sytuacja&#8221;. &#8211; Te wska\u017aniki, kt\u00f3re bierzemy pod uwag\u0119 przy szacowaniu przysz\u0142ej inflacji, ulegaj\u0105&nbsp;zmianie pod wp\u0142ywem sytuacji \u015bwiatowej. RPP zdecydowa\u0142a o stopach procentowych. Kluczowe informacje dla kredytobiorc\u00f3w Na pocz\u0105tku wrze\u015bnia 2022 Senat powo\u0142a\u0142 Joann\u0119 Bo\u017cen\u0119 Tyrowicz na stanowisko cz\u0142onka Rady Polityki Pieni\u0119\u017cnej. Senat uzupe\u0142ni\u0142 sk\u0142ad RPP w zwi\u0105zku z rezygnacj\u0105 ze stanowiska przez Rafa\u0142a Sur\u0119, kt\u00f3ry zosta\u0142 powo\u0142any pod koniec lipca do Zarz\u0105du NBP. Dariusz Standerski to ekonomista i prawnik, absolwent Wydzia\u0142u Prawa i Administracji oraz Wydzia\u0142u Nauk Ekonomicznych Uniwersytetu Warszawskiego, gdzie obecnie wyk\u0142ada. Uczestniczy w post\u0119powaniu w sprawie nadania stopnia doktora w dyscyplinie ekonomia i finanse. Komisja Finans\u00f3w Publicznych zarekomendowa\u0142a Gabriel\u0119 Mas\u0142owsk\u0105 na cz\u0142onka RPP Za drugim razem w pa\u017adzierniku 2022 zosta\u0142a wybrana przez Sejm do tego gremium10 na sze\u015bcioletni\u0105 kadencj\u011911; w konsekwencji wygas\u0142 jej mandat poselski. Gabriela Mas\u0142owska z domu Szczuka (ur. 27 czerwca 1950 w Batorzu) \u2013 polska polityk, ekonomistka, nauczycielka akademicka, pos\u0142anka na Sejm IV, V, VI, VII, VIII i IX kadencji, cz\u0142onek Rady Polityki Pieni\u0119\u017cnej w kadencji 2022\u20132028. Maciej Szlinder zajmuje si\u0119 rozwi\u0105zaniami w polityce gospodarczej i spo\u0142ecznej. Wraz z zespo\u0142em wsp\u00f3\u0142pracownik\u00f3w przygotowa\u0142 RBA i jego wp\u0142yw na Aussie projekt programu pilota\u017cowego bezwarunkowego dochodu podstawowego w polskich gminach pogranicza polsko-rosyjskiego. Klub PiS zg\u0142osi\u0142 kandydatury Iwony Dudy i Gabrieli Mas\u0142owskiej do Rady Polityki Pieni\u0119\u017cnej pod koniec wrze\u015bnia tego roku. Klub PiS zg\u0142osi\u0142 kandydatury Iwony Dudy i Gabrieli Mas\u0142owskiej do Rady Polityki Pieni\u0119\u017cnej (RPP) pod koniec wrze\u015bnia tego roku. NBP odpowiada by\u0142ym szefom banku centralnego. &#8220;Nieprawdziwe tezy i zarzuty&#8221; We wtorek Komisja Finans\u00f3w Publicznych w g\u0142osowaniu zdecydowa\u0142a o poparciu pose\u0142 Gabrieli Mas\u0142owskiej na cz\u0142onka Rady Polityki Pieni\u0119\u017cnej. Pose\u0142 zosta\u0142a zg\u0142oszona przez grup\u0119 pos\u0142\u00f3w Klubu Parlamentarnego Prawo i Sprawiedliwo\u015b\u0107. Wcze\u015bniej Mas\u0142owska broni\u0142a prezesa NBP Adama Glapi\u0144skiego, przekonuj\u0105c, \u017ce nieprecyzyjne i chybione szacunki dotycz\u0105ce inflacji nie podwa\u017caj\u0105 jego wiarygodno\u015bci, &#8220;bo tak w\u0142a\u015bnie zmienia\u0142a si\u0119 sytuacja&#8221;. Podkre\u015bli\u0142a, \u017ce inflacja konsumencka spad\u0142a &#8220;znacznie i trwale&#8221;, co umo\u017cliwi\u0142o obni\u017cki st\u00f3p procentowych, a gospodarka i popyt konsumencki nie mog\u0105 by\u0107 dalej t\u0142umione do g\u0142\u0119bszych poziom\u00f3w. Zaznaczy\u0142a, \u017ce sytuacja jest bardzo dynamiczna, a dalsze decyzje b\u0119d\u0105 zale\u017ce\u0107 od tego, jakie dane b\u0119d\u0105 nap\u0142ywa\u0107. W trakcie obrad komisji Gabriela Mas\u0142owska odpowiada\u0142a na pytania pos\u0142\u00f3w. Pytanie o to, jakie b\u0142\u0119dy pope\u0142ni\u0142a obecna RPP w walce z inflacj\u0105. Uwa\u017cam, i m\u00f3wi\u0142am to wcze\u015bniej, \u017ce RPP nie pope\u0142ni\u0142a zasadniczego b\u0142\u0119du. Przyzna\u0142a, \u017ce Polska jest do tego zobowi\u0105zana, ale \u2013 wed\u0142ug niej \u2013 przed Uni\u0105 Europejsk\u0105 stoj\u0105 ogromne zmiany i mo\u017cliwe jest, \u017ce &#8220;przepisy nakazuj\u0105ce rezygnacj\u0119 z naszej waluty ulegn\u0105 zmianie&#8221;. S\u0142owa Mas\u0142owskiej skomentowa\u0142a w &#8220;Jeden na jeden&#8221; by\u0142a prezeska Narodowego Banku Polskiego Hanna Gronkiewicz-Waltz.\u2014 To jest dramat taka wypowied\u017a. Wcze\u015bniej Mas\u0142owska broni\u0142a prezesa NBP Adama Glapi\u0144skiego, przekonuj\u0105c, \u017ce nieprecyzyjne i chybione szacunki dotycz\u0105ce inflacji nie podwa\u017caj\u0105 jego wiarygodno\u015bci, &#8220;bo tak w\u0142a\u015bnie zmienia\u0142a si\u0119 sytuacja&#8221;. Mas\u0142owska ju\u017c raz kandydowa\u0142a do RPP, ale w\u00a0trakcie procedury si\u0119 wycofa\u0142a. Pose\u0142 zosta\u0142a zg\u0142oszona przez grup\u0119 pos\u0142\u00f3w Klubu Parlamentarnego Prawo i Sprawiedliwo\u015b\u0107. Perspektywa obni\u017cek st\u00f3p si\u0119 oddali\u0142a. GUS zrobi\u0142 badanie Z wykszta\u0142cenia jest ekonomistk\u0105, na Wydziale Ekonomicznym Uniwersytetu Marii Curie-Sk\u0142odowskiej w Lublinie uzyska\u0142a stopie\u0144 doktora nauk ekonomicznych. Rada<\/p>\n","protected":false},"author":1,"featured_media":0,"comment_status":"open","ping_status":"open","sticky":false,"template":"","format":"standard","meta":{"wp_popup_display_lightbox":0,"wp_popup_suppress":"","wp_popup_trigger":"","wp_popup_trigger_amount":0,"wp_popup_disable_on_mobile":false,"footnotes":""},"categories":[20],"tags":[],"class_list":["post-959","post","type-post","status-publish","format-standard","hentry","category-forex-trading"],"yoast_head":"<!-- This site is optimized with the Yoast SEO plugin v22.1 - https:\/\/yoast.com\/wordpress\/plugins\/seo\/ -->\n<title>S\u0105 nowe cz\u0142onkinie RPP Z\u0142o\u017cy\u0142y przysi\u0119g\u0119 przed Sejmem - Drivin<\/title>\n<meta name=\"robots\" content=\"index, follow, max-snippet:-1, max-image-preview:large, max-video-preview:-1\" \/>\n<link rel=\"canonical\" href=\"https:\/\/drivin.com.br\/index.php\/2023\/01\/20\/sa-nowe-czlonkinie-rpp-zlozyly-przysiege-przed\/\" \/>\n<meta property=\"og:locale\" content=\"pt_BR\" \/>\n<meta property=\"og:type\" content=\"article\" \/>\n<meta property=\"og:title\" content=\"S\u0105 nowe cz\u0142onkinie RPP Z\u0142o\u017cy\u0142y przysi\u0119g\u0119 przed Sejmem - Drivin\" \/>\n<meta property=\"og:description\" content=\"Po czym nast\u0105pi\u0142o g\u0142osowanie w Sejmie i decyzj\u0105 pos\u0142\u00f3w PiS zosta\u0142a w\u0142\u0105czona w poczet RPP. Sprawdzi\u0142a si\u0119 w studiu Radia Maryja, w Sejmie wiernie oddana Prawu i Sprawiedliwo\u015bci. Decydowa\u0142a o tym, czy nasze kredyty b\u0119d\u0105 tania\u0142y, czy dro\u017ca\u0142y. Gabriela Mas\u0142owska do\u0142\u0105cza do Rady Polityki Pieni\u0119\u017cnej. Wraz z ni\u0105 cz\u0142onkini\u0105 RPP zosta\u0142a Iwona Duda. Gabriela Mas\u0142owska by\u0142a pos\u0142em na Sejm IV, V, VI, VII ,VIII a tak\u017ce IX &#8211; obecnej kadencji Sejmu. Najwidoczniej sprawy prywatne uda\u0142o si\u0119 pouk\u0142ada\u0107, bo ju\u017c w pa\u017adzierniku nie odm\u00f3wi\u0142a prezesowi Kaczy\u0144skiemu i ca\u0142ej rz\u0105dz\u0105cej formacji \u2013 kandydatur\u0119 przyj\u0119\u0142a. Sprawdzi\u0142a si\u0119 w studiu Radia Maryja, w Sejmie wiernie oddana Prawu i Sprawiedliwo\u015bci. Reporter TVN24 Radomir Wit rozmawia\u0142 w pi\u0105tek w Sejmie z Gabriel\u0105 Mas\u0142owsk\u0105, pos\u0142ank\u0105 Prawa i Sprawiedliwo\u015bci, kandydatk\u0105 do Rady Polityki Pieni\u0119\u017cnej. Po listopadowej projekcji inflacji nale\u017cy podj\u0105\u0107 decyzj\u0119, czy dalej umiarkowanie podwy\u017csza\u0107 stopy procentowe, czy te\u017c pozostawi\u0107 je bez zmian, ale na d\u0142u\u017cej \u2014 napisa\u0142a w artykule dla Radia Maryja cz\u0142onkini RPP Gabriela Mas\u0142owska. Je\u015bli si\u0119 oka\u017ce, \u017ce jeszcze nie ma efekt\u00f3w, to przypuszczam, ze niewielka podwy\u017cka st\u00f3p b\u0119dzie konieczna, ale uwa\u017cam, \u017ce nale\u017cy poczeka\u0107 i oceni\u0107 efekty dotychczasowych dzia\u0142a\u0144\u201d \u2013 powiedzia\u0142a Gabriela Mas\u0142owska. Jak m\u00f3wi\u0142, nie powinno si\u0119 tego robi\u0107; pochwali\u0142 te\u017c \u015brodow\u0105 decyzj\u0119 Rady, kt\u00f3ra nie zmieni\u0142a st\u00f3p procentowych. Wed\u0142ug niego skutki dalszych podwy\u017cek st\u00f3p by\u0142by \u201ebardzo negatywne\u201d i wpycha\u0142yby gospodark\u0119 w recesj\u0119. Szlinder uwa\u017ca, \u017ce RPP ma do\u015b\u0107 ograniczone mo\u017cliwo\u015bci walki z inflacj\u0105. Doda\u0142, \u017ce za wysok\u0105 inflacj\u0119 odpowiada teraz \u201emar\u017cowy boom\u201d. \u2013 Sytuacja \u015brednich i du\u017cych przedsi\u0119biorstw jest dobra jak nigdy. Problem inflacyjny zrzucony jest na pracownik\u00f3w i konsument\u00f3w \u2013 powiedzia\u0142. Specjalizuje si\u0119 w ekonomii mi\u0119dzynarodowej, ekonomii sektora publicznego oraz historii gospodarczej. Mas\u0142owska podczas posiedzenia komisji zwr\u00f3ci\u0142a uwag\u0119, \u017ce obecnie wida\u0107 sygna\u0142y os\u0142abienia w gospodarce. Pozytywn\u0105 rekomendacj\u0119 uzyska\u0142a r\u00f3wnie\u017c druga kandydatka zg\u0142oszona przez PiS-&nbsp; Iwona Duda. Komisja nie popar\u0142a natomiast kandydatur zg\u0142oszonych przez Lewic\u0119 \u2013 Dariusza Standerskiego oraz Macieja Szlindera. Senat powo\u0142a\u0142 Joann\u0119 Bo\u017cen\u0119 Tyrowicz na stanowisko Algorytm handlowy Do czego potrzebny jest przedsi\u0119biorca? cz\u0142onka Rady Polityki Pieni\u0119\u017cnej. Najwidoczniej sprawy prywatne uda\u0142o si\u0119 pouk\u0142ada\u0107, bo ju\u017c w pa\u017adzierniku nie odm\u00f3wi\u0142a prezesowi Kaczy\u0144skiemu i ca\u0142ej rz\u0105dz\u0105cej formacji \u2013 kandydatur\u0119 przyj\u0119\u0142a. Gabriela Mas\u0142owska z rekomendacj\u0105 Komisji Finans\u00f3w Publicznych do RPP Ju\u017c w styczniu pos\u0142owie PiS zg\u0142osili Mas\u0142owsk\u0105 na kandydatk\u0119 do RPP, ta jednak wycofa\u0142a si\u0119, uzasadniaj\u0105c to &#8220;przyczynami osobistymi&#8221;. Jej kandydatura zosta\u0142a zg\u0142oszona ponownie pod koniec wrze\u015bnia tego roku. \u2013 W najbli\u017cszym czasie mo\u017ce pojawi\u0107 si\u0119 przestrze\u0144 do obni\u017cenia st\u00f3p procentowych \u2013 zapowiedzia\u0142 szef NBP Adam G&#8230; Mimo, \u017ce cykl podwy\u017cek st\u00f3p nie zosta\u0142 zako\u0144czony to s\u0105 one ma\u0142o prawdopodobne &#8211; napisa\u0142a w felietonie dla Radia Maryja, cz\u0142onek RPP Gabriela Mas\u0142owska. Jako wyk\u0142adowczyni zwi\u0105zana tak\u017ce z Wy\u017csz\u0105 Szko\u0142\u0105 Kultury Spo\u0142ecznej i Medialnej w Toruniu3. Wyrazi\u0142a pozytywn\u0105 opini\u0119 na temat repolonizacji sektora bankowego w Polsce. W jej ocenie, struktura w\u0142asno\u015bciowa sektora bankowego ma wp\u0142yw na skuteczno\u015b\u0107 prowadzenia polityki pieni\u0119\u017cnej. Zg\u0142oszona przez Prawo i Sprawiedliwo\u015b\u0107 pos\u0142anka z wojew\u00f3dztwa lubelskiego Gabriela Mas\u0142owska (na zdj.) otrzyma\u0142a w \u015brod\u0119 (05.10) pozytywn\u0105 opini\u0119 sejmowej komisji finans\u00f3w, jako kandydatka do Rady Polityki Pieni\u0119\u017cnej. Jej zdaniem &#8220;nie podwa\u017ca to zupe\u0142nie wiarygodno\u015bci prezesa Glapi\u0144skiego, bo tak w\u0142a\u015bnie zmienia\u0142a si\u0119&nbsp;sytuacja&#8221;. &#8211; Te wska\u017aniki, kt\u00f3re bierzemy pod uwag\u0119 przy szacowaniu przysz\u0142ej inflacji, ulegaj\u0105&nbsp;zmianie pod wp\u0142ywem sytuacji \u015bwiatowej. RPP zdecydowa\u0142a o stopach procentowych. Kluczowe informacje dla kredytobiorc\u00f3w Na pocz\u0105tku wrze\u015bnia 2022 Senat powo\u0142a\u0142 Joann\u0119 Bo\u017cen\u0119 Tyrowicz na stanowisko cz\u0142onka Rady Polityki Pieni\u0119\u017cnej. Senat uzupe\u0142ni\u0142 sk\u0142ad RPP w zwi\u0105zku z rezygnacj\u0105 ze stanowiska przez Rafa\u0142a Sur\u0119, kt\u00f3ry zosta\u0142 powo\u0142any pod koniec lipca do Zarz\u0105du NBP. Dariusz Standerski to ekonomista i prawnik, absolwent Wydzia\u0142u Prawa i Administracji oraz Wydzia\u0142u Nauk Ekonomicznych Uniwersytetu Warszawskiego, gdzie obecnie wyk\u0142ada. Uczestniczy w post\u0119powaniu w sprawie nadania stopnia doktora w dyscyplinie ekonomia i finanse. Komisja Finans\u00f3w Publicznych zarekomendowa\u0142a Gabriel\u0119 Mas\u0142owsk\u0105 na cz\u0142onka RPP Za drugim razem w pa\u017adzierniku 2022 zosta\u0142a wybrana przez Sejm do tego gremium10 na sze\u015bcioletni\u0105 kadencj\u011911; w konsekwencji wygas\u0142 jej mandat poselski. Gabriela Mas\u0142owska z domu Szczuka (ur. 27 czerwca 1950 w Batorzu) \u2013 polska polityk, ekonomistka, nauczycielka akademicka, pos\u0142anka na Sejm IV, V, VI, VII, VIII i IX kadencji, cz\u0142onek Rady Polityki Pieni\u0119\u017cnej w kadencji 2022\u20132028. Maciej Szlinder zajmuje si\u0119 rozwi\u0105zaniami w polityce gospodarczej i spo\u0142ecznej. Wraz z zespo\u0142em wsp\u00f3\u0142pracownik\u00f3w przygotowa\u0142 RBA i jego wp\u0142yw na Aussie projekt programu pilota\u017cowego bezwarunkowego dochodu podstawowego w polskich gminach pogranicza polsko-rosyjskiego. Klub PiS zg\u0142osi\u0142 kandydatury Iwony Dudy i Gabrieli Mas\u0142owskiej do Rady Polityki Pieni\u0119\u017cnej pod koniec wrze\u015bnia tego roku. Klub PiS zg\u0142osi\u0142 kandydatury Iwony Dudy i Gabrieli Mas\u0142owskiej do Rady Polityki Pieni\u0119\u017cnej (RPP) pod koniec wrze\u015bnia tego roku. NBP odpowiada by\u0142ym szefom banku centralnego. &#8220;Nieprawdziwe tezy i zarzuty&#8221; We wtorek Komisja Finans\u00f3w Publicznych w g\u0142osowaniu zdecydowa\u0142a o poparciu pose\u0142 Gabrieli Mas\u0142owskiej na cz\u0142onka Rady Polityki Pieni\u0119\u017cnej. Pose\u0142 zosta\u0142a zg\u0142oszona przez grup\u0119 pos\u0142\u00f3w Klubu Parlamentarnego Prawo i Sprawiedliwo\u015b\u0107. Wcze\u015bniej Mas\u0142owska broni\u0142a prezesa NBP Adama Glapi\u0144skiego, przekonuj\u0105c, \u017ce nieprecyzyjne i chybione szacunki dotycz\u0105ce inflacji nie podwa\u017caj\u0105 jego wiarygodno\u015bci, &#8220;bo tak w\u0142a\u015bnie zmienia\u0142a si\u0119 sytuacja&#8221;. Podkre\u015bli\u0142a, \u017ce inflacja konsumencka spad\u0142a &#8220;znacznie i trwale&#8221;, co umo\u017cliwi\u0142o obni\u017cki st\u00f3p procentowych, a gospodarka i popyt konsumencki nie mog\u0105 by\u0107 dalej t\u0142umione do g\u0142\u0119bszych poziom\u00f3w. Zaznaczy\u0142a, \u017ce sytuacja jest bardzo dynamiczna, a dalsze decyzje b\u0119d\u0105 zale\u017ce\u0107 od tego, jakie dane b\u0119d\u0105 nap\u0142ywa\u0107. W trakcie obrad komisji Gabriela Mas\u0142owska odpowiada\u0142a na pytania pos\u0142\u00f3w. Pytanie o to, jakie b\u0142\u0119dy pope\u0142ni\u0142a obecna RPP w walce z inflacj\u0105. Uwa\u017cam, i m\u00f3wi\u0142am to wcze\u015bniej, \u017ce RPP nie pope\u0142ni\u0142a zasadniczego b\u0142\u0119du. Przyzna\u0142a, \u017ce Polska jest do tego zobowi\u0105zana, ale \u2013 wed\u0142ug niej \u2013 przed Uni\u0105 Europejsk\u0105 stoj\u0105 ogromne zmiany i mo\u017cliwe jest, \u017ce &#8220;przepisy nakazuj\u0105ce rezygnacj\u0119 z naszej waluty ulegn\u0105 zmianie&#8221;. S\u0142owa Mas\u0142owskiej skomentowa\u0142a w &#8220;Jeden na jeden&#8221; by\u0142a prezeska Narodowego Banku Polskiego Hanna Gronkiewicz-Waltz.\u2014 To jest dramat taka wypowied\u017a. Wcze\u015bniej Mas\u0142owska broni\u0142a prezesa NBP Adama Glapi\u0144skiego, przekonuj\u0105c, \u017ce nieprecyzyjne i chybione szacunki dotycz\u0105ce inflacji nie podwa\u017caj\u0105 jego wiarygodno\u015bci, &#8220;bo tak w\u0142a\u015bnie zmienia\u0142a si\u0119 sytuacja&#8221;. Mas\u0142owska ju\u017c raz kandydowa\u0142a do RPP, ale w\u00a0trakcie procedury si\u0119 wycofa\u0142a. Pose\u0142 zosta\u0142a zg\u0142oszona przez grup\u0119 pos\u0142\u00f3w Klubu Parlamentarnego Prawo i Sprawiedliwo\u015b\u0107. Perspektywa obni\u017cek st\u00f3p si\u0119 oddali\u0142a. GUS zrobi\u0142 badanie Z wykszta\u0142cenia jest ekonomistk\u0105, na Wydziale Ekonomicznym Uniwersytetu Marii Curie-Sk\u0142odowskiej w Lublinie uzyska\u0142a stopie\u0144 doktora nauk ekonomicznych. Rada\" \/>\n<meta property=\"og:url\" content=\"https:\/\/drivin.com.br\/index.php\/2023\/01\/20\/sa-nowe-czlonkinie-rpp-zlozyly-przysiege-przed\/\" \/>\n<meta property=\"og:site_name\" content=\"Drivin\" \/>\n<meta property=\"article:published_time\" content=\"2023-01-20T13:18:46+00:00\" \/>\n<meta property=\"article:modified_time\" content=\"2025-04-11T07:51:21+00:00\" \/>\n<meta name=\"author\" content=\"admin\" \/>\n<meta name=\"twitter:card\" content=\"summary_large_image\" \/>\n<meta name=\"twitter:label1\" content=\"Escrito por\" \/>\n\t<meta name=\"twitter:data1\" content=\"admin\" \/>\n\t<meta name=\"twitter:label2\" content=\"Est. tempo de leitura\" \/>\n\t<meta name=\"twitter:data2\" content=\"9 minutos\" \/>\n<script type=\"application\/ld+json\" class=\"yoast-schema-graph\">{\"@context\":\"https:\/\/schema.org\",\"@graph\":[{\"@type\":\"WebPage\",\"@id\":\"https:\/\/drivin.com.br\/index.php\/2023\/01\/20\/sa-nowe-czlonkinie-rpp-zlozyly-przysiege-przed\/\",\"url\":\"https:\/\/drivin.com.br\/index.php\/2023\/01\/20\/sa-nowe-czlonkinie-rpp-zlozyly-przysiege-przed\/\",\"name\":\"S\u0105 nowe cz\u0142onkinie RPP Z\u0142o\u017cy\u0142y przysi\u0119g\u0119 przed Sejmem - Drivin\",\"isPartOf\":{\"@id\":\"https:\/\/drivin.com.br\/#website\"},\"datePublished\":\"2023-01-20T13:18:46+00:00\",\"dateModified\":\"2025-04-11T07:51:21+00:00\",\"author\":{\"@id\":\"https:\/\/drivin.com.br\/#\/schema\/person\/f09e1df8e5a45815354d72b643ad9414\"},\"breadcrumb\":{\"@id\":\"https:\/\/drivin.com.br\/index.php\/2023\/01\/20\/sa-nowe-czlonkinie-rpp-zlozyly-przysiege-przed\/#breadcrumb\"},\"inLanguage\":\"pt-BR\",\"potentialAction\":[{\"@type\":\"ReadAction\",\"target\":[\"https:\/\/drivin.com.br\/index.php\/2023\/01\/20\/sa-nowe-czlonkinie-rpp-zlozyly-przysiege-przed\/\"]}]},{\"@type\":\"BreadcrumbList\",\"@id\":\"https:\/\/drivin.com.br\/index.php\/2023\/01\/20\/sa-nowe-czlonkinie-rpp-zlozyly-przysiege-przed\/#breadcrumb\",\"itemListElement\":[{\"@type\":\"ListItem\",\"position\":1,\"name\":\"In\u00edcio\",\"item\":\"https:\/\/drivin.com.br\/\"},{\"@type\":\"ListItem\",\"position\":2,\"name\":\"S\u0105 nowe cz\u0142onkinie RPP Z\u0142o\u017cy\u0142y przysi\u0119g\u0119 przed Sejmem\"}]},{\"@type\":\"WebSite\",\"@id\":\"https:\/\/drivin.com.br\/#website\",\"url\":\"https:\/\/drivin.com.br\/\",\"name\":\"Drivin\",\"description\":\"\",\"potentialAction\":[{\"@type\":\"SearchAction\",\"target\":{\"@type\":\"EntryPoint\",\"urlTemplate\":\"https:\/\/drivin.com.br\/?s={search_term_string}\"},\"query-input\":\"required name=search_term_string\"}],\"inLanguage\":\"pt-BR\"},{\"@type\":\"Person\",\"@id\":\"https:\/\/drivin.com.br\/#\/schema\/person\/f09e1df8e5a45815354d72b643ad9414\",\"name\":\"admin\",\"image\":{\"@type\":\"ImageObject\",\"inLanguage\":\"pt-BR\",\"@id\":\"https:\/\/drivin.com.br\/#\/schema\/person\/image\/\",\"url\":\"https:\/\/secure.gravatar.com\/avatar\/2ec426a992e9b32595cf0d724015643493817f529abca5f685b61a70332812df?s=96&d=mm&r=g\",\"contentUrl\":\"https:\/\/secure.gravatar.com\/avatar\/2ec426a992e9b32595cf0d724015643493817f529abca5f685b61a70332812df?s=96&d=mm&r=g\",\"caption\":\"admin\"},\"sameAs\":[\"https:\/\/wp.drivin.com.br\"],\"url\":\"https:\/\/drivin.com.br\/index.php\/author\/admin_drivin\/\"}]}<\/script>\n<!-- \/ Yoast SEO plugin. -->","yoast_head_json":{"title":"S\u0105 nowe cz\u0142onkinie RPP Z\u0142o\u017cy\u0142y przysi\u0119g\u0119 przed Sejmem - Drivin","robots":{"index":"index","follow":"follow","max-snippet":"max-snippet:-1","max-image-preview":"max-image-preview:large","max-video-preview":"max-video-preview:-1"},"canonical":"https:\/\/drivin.com.br\/index.php\/2023\/01\/20\/sa-nowe-czlonkinie-rpp-zlozyly-przysiege-przed\/","og_locale":"pt_BR","og_type":"article","og_title":"S\u0105 nowe cz\u0142onkinie RPP Z\u0142o\u017cy\u0142y przysi\u0119g\u0119 przed Sejmem - Drivin","og_description":"Po czym nast\u0105pi\u0142o g\u0142osowanie w Sejmie i decyzj\u0105 pos\u0142\u00f3w PiS zosta\u0142a w\u0142\u0105czona w poczet RPP. Sprawdzi\u0142a si\u0119 w studiu Radia Maryja, w Sejmie wiernie oddana Prawu i Sprawiedliwo\u015bci. Decydowa\u0142a o tym, czy nasze kredyty b\u0119d\u0105 tania\u0142y, czy dro\u017ca\u0142y. Gabriela Mas\u0142owska do\u0142\u0105cza do Rady Polityki Pieni\u0119\u017cnej. Wraz z ni\u0105 cz\u0142onkini\u0105 RPP zosta\u0142a Iwona Duda. Gabriela Mas\u0142owska by\u0142a pos\u0142em na Sejm IV, V, VI, VII ,VIII a tak\u017ce IX &#8211; obecnej kadencji Sejmu. Najwidoczniej sprawy prywatne uda\u0142o si\u0119 pouk\u0142ada\u0107, bo ju\u017c w pa\u017adzierniku nie odm\u00f3wi\u0142a prezesowi Kaczy\u0144skiemu i ca\u0142ej rz\u0105dz\u0105cej formacji \u2013 kandydatur\u0119 przyj\u0119\u0142a. Sprawdzi\u0142a si\u0119 w studiu Radia Maryja, w Sejmie wiernie oddana Prawu i Sprawiedliwo\u015bci. Reporter TVN24 Radomir Wit rozmawia\u0142 w pi\u0105tek w Sejmie z Gabriel\u0105 Mas\u0142owsk\u0105, pos\u0142ank\u0105 Prawa i Sprawiedliwo\u015bci, kandydatk\u0105 do Rady Polityki Pieni\u0119\u017cnej. Po listopadowej projekcji inflacji nale\u017cy podj\u0105\u0107 decyzj\u0119, czy dalej umiarkowanie podwy\u017csza\u0107 stopy procentowe, czy te\u017c pozostawi\u0107 je bez zmian, ale na d\u0142u\u017cej \u2014 napisa\u0142a w artykule dla Radia Maryja cz\u0142onkini RPP Gabriela Mas\u0142owska. Je\u015bli si\u0119 oka\u017ce, \u017ce jeszcze nie ma efekt\u00f3w, to przypuszczam, ze niewielka podwy\u017cka st\u00f3p b\u0119dzie konieczna, ale uwa\u017cam, \u017ce nale\u017cy poczeka\u0107 i oceni\u0107 efekty dotychczasowych dzia\u0142a\u0144\u201d \u2013 powiedzia\u0142a Gabriela Mas\u0142owska. Jak m\u00f3wi\u0142, nie powinno si\u0119 tego robi\u0107; pochwali\u0142 te\u017c \u015brodow\u0105 decyzj\u0119 Rady, kt\u00f3ra nie zmieni\u0142a st\u00f3p procentowych. Wed\u0142ug niego skutki dalszych podwy\u017cek st\u00f3p by\u0142by \u201ebardzo negatywne\u201d i wpycha\u0142yby gospodark\u0119 w recesj\u0119. Szlinder uwa\u017ca, \u017ce RPP ma do\u015b\u0107 ograniczone mo\u017cliwo\u015bci walki z inflacj\u0105. Doda\u0142, \u017ce za wysok\u0105 inflacj\u0119 odpowiada teraz \u201emar\u017cowy boom\u201d. \u2013 Sytuacja \u015brednich i du\u017cych przedsi\u0119biorstw jest dobra jak nigdy. Problem inflacyjny zrzucony jest na pracownik\u00f3w i konsument\u00f3w \u2013 powiedzia\u0142. Specjalizuje si\u0119 w ekonomii mi\u0119dzynarodowej, ekonomii sektora publicznego oraz historii gospodarczej. Mas\u0142owska podczas posiedzenia komisji zwr\u00f3ci\u0142a uwag\u0119, \u017ce obecnie wida\u0107 sygna\u0142y os\u0142abienia w gospodarce. Pozytywn\u0105 rekomendacj\u0119 uzyska\u0142a r\u00f3wnie\u017c druga kandydatka zg\u0142oszona przez PiS-&nbsp; Iwona Duda. Komisja nie popar\u0142a natomiast kandydatur zg\u0142oszonych przez Lewic\u0119 \u2013 Dariusza Standerskiego oraz Macieja Szlindera. Senat powo\u0142a\u0142 Joann\u0119 Bo\u017cen\u0119 Tyrowicz na stanowisko Algorytm handlowy Do czego potrzebny jest przedsi\u0119biorca? cz\u0142onka Rady Polityki Pieni\u0119\u017cnej. Najwidoczniej sprawy prywatne uda\u0142o si\u0119 pouk\u0142ada\u0107, bo ju\u017c w pa\u017adzierniku nie odm\u00f3wi\u0142a prezesowi Kaczy\u0144skiemu i ca\u0142ej rz\u0105dz\u0105cej formacji \u2013 kandydatur\u0119 przyj\u0119\u0142a. Gabriela Mas\u0142owska z rekomendacj\u0105 Komisji Finans\u00f3w Publicznych do RPP Ju\u017c w styczniu pos\u0142owie PiS zg\u0142osili Mas\u0142owsk\u0105 na kandydatk\u0119 do RPP, ta jednak wycofa\u0142a si\u0119, uzasadniaj\u0105c to &#8220;przyczynami osobistymi&#8221;. Jej kandydatura zosta\u0142a zg\u0142oszona ponownie pod koniec wrze\u015bnia tego roku. \u2013 W najbli\u017cszym czasie mo\u017ce pojawi\u0107 si\u0119 przestrze\u0144 do obni\u017cenia st\u00f3p procentowych \u2013 zapowiedzia\u0142 szef NBP Adam G&#8230; Mimo, \u017ce cykl podwy\u017cek st\u00f3p nie zosta\u0142 zako\u0144czony to s\u0105 one ma\u0142o prawdopodobne &#8211; napisa\u0142a w felietonie dla Radia Maryja, cz\u0142onek RPP Gabriela Mas\u0142owska. Jako wyk\u0142adowczyni zwi\u0105zana tak\u017ce z Wy\u017csz\u0105 Szko\u0142\u0105 Kultury Spo\u0142ecznej i Medialnej w Toruniu3. Wyrazi\u0142a pozytywn\u0105 opini\u0119 na temat repolonizacji sektora bankowego w Polsce. W jej ocenie, struktura w\u0142asno\u015bciowa sektora bankowego ma wp\u0142yw na skuteczno\u015b\u0107 prowadzenia polityki pieni\u0119\u017cnej. Zg\u0142oszona przez Prawo i Sprawiedliwo\u015b\u0107 pos\u0142anka z wojew\u00f3dztwa lubelskiego Gabriela Mas\u0142owska (na zdj.) otrzyma\u0142a w \u015brod\u0119 (05.10) pozytywn\u0105 opini\u0119 sejmowej komisji finans\u00f3w, jako kandydatka do Rady Polityki Pieni\u0119\u017cnej. Jej zdaniem &#8220;nie podwa\u017ca to zupe\u0142nie wiarygodno\u015bci prezesa Glapi\u0144skiego, bo tak w\u0142a\u015bnie zmienia\u0142a si\u0119&nbsp;sytuacja&#8221;. &#8211; Te wska\u017aniki, kt\u00f3re bierzemy pod uwag\u0119 przy szacowaniu przysz\u0142ej inflacji, ulegaj\u0105&nbsp;zmianie pod wp\u0142ywem sytuacji \u015bwiatowej. RPP zdecydowa\u0142a o stopach procentowych. Kluczowe informacje dla kredytobiorc\u00f3w Na pocz\u0105tku wrze\u015bnia 2022 Senat powo\u0142a\u0142 Joann\u0119 Bo\u017cen\u0119 Tyrowicz na stanowisko cz\u0142onka Rady Polityki Pieni\u0119\u017cnej. Senat uzupe\u0142ni\u0142 sk\u0142ad RPP w zwi\u0105zku z rezygnacj\u0105 ze stanowiska przez Rafa\u0142a Sur\u0119, kt\u00f3ry zosta\u0142 powo\u0142any pod koniec lipca do Zarz\u0105du NBP. Dariusz Standerski to ekonomista i prawnik, absolwent Wydzia\u0142u Prawa i Administracji oraz Wydzia\u0142u Nauk Ekonomicznych Uniwersytetu Warszawskiego, gdzie obecnie wyk\u0142ada. Uczestniczy w post\u0119powaniu w sprawie nadania stopnia doktora w dyscyplinie ekonomia i finanse. Komisja Finans\u00f3w Publicznych zarekomendowa\u0142a Gabriel\u0119 Mas\u0142owsk\u0105 na cz\u0142onka RPP Za drugim razem w pa\u017adzierniku 2022 zosta\u0142a wybrana przez Sejm do tego gremium10 na sze\u015bcioletni\u0105 kadencj\u011911; w konsekwencji wygas\u0142 jej mandat poselski. Gabriela Mas\u0142owska z domu Szczuka (ur. 27 czerwca 1950 w Batorzu) \u2013 polska polityk, ekonomistka, nauczycielka akademicka, pos\u0142anka na Sejm IV, V, VI, VII, VIII i IX kadencji, cz\u0142onek Rady Polityki Pieni\u0119\u017cnej w kadencji 2022\u20132028. Maciej Szlinder zajmuje si\u0119 rozwi\u0105zaniami w polityce gospodarczej i spo\u0142ecznej. Wraz z zespo\u0142em wsp\u00f3\u0142pracownik\u00f3w przygotowa\u0142 RBA i jego wp\u0142yw na Aussie projekt programu pilota\u017cowego bezwarunkowego dochodu podstawowego w polskich gminach pogranicza polsko-rosyjskiego. Klub PiS zg\u0142osi\u0142 kandydatury Iwony Dudy i Gabrieli Mas\u0142owskiej do Rady Polityki Pieni\u0119\u017cnej pod koniec wrze\u015bnia tego roku. Klub PiS zg\u0142osi\u0142 kandydatury Iwony Dudy i Gabrieli Mas\u0142owskiej do Rady Polityki Pieni\u0119\u017cnej (RPP) pod koniec wrze\u015bnia tego roku. NBP odpowiada by\u0142ym szefom banku centralnego. &#8220;Nieprawdziwe tezy i zarzuty&#8221; We wtorek Komisja Finans\u00f3w Publicznych w g\u0142osowaniu zdecydowa\u0142a o poparciu pose\u0142 Gabrieli Mas\u0142owskiej na cz\u0142onka Rady Polityki Pieni\u0119\u017cnej. Pose\u0142 zosta\u0142a zg\u0142oszona przez grup\u0119 pos\u0142\u00f3w Klubu Parlamentarnego Prawo i Sprawiedliwo\u015b\u0107. Wcze\u015bniej Mas\u0142owska broni\u0142a prezesa NBP Adama Glapi\u0144skiego, przekonuj\u0105c, \u017ce nieprecyzyjne i chybione szacunki dotycz\u0105ce inflacji nie podwa\u017caj\u0105 jego wiarygodno\u015bci, &#8220;bo tak w\u0142a\u015bnie zmienia\u0142a si\u0119 sytuacja&#8221;. Podkre\u015bli\u0142a, \u017ce inflacja konsumencka spad\u0142a &#8220;znacznie i trwale&#8221;, co umo\u017cliwi\u0142o obni\u017cki st\u00f3p procentowych, a gospodarka i popyt konsumencki nie mog\u0105 by\u0107 dalej t\u0142umione do g\u0142\u0119bszych poziom\u00f3w. Zaznaczy\u0142a, \u017ce sytuacja jest bardzo dynamiczna, a dalsze decyzje b\u0119d\u0105 zale\u017ce\u0107 od tego, jakie dane b\u0119d\u0105 nap\u0142ywa\u0107. W trakcie obrad komisji Gabriela Mas\u0142owska odpowiada\u0142a na pytania pos\u0142\u00f3w. Pytanie o to, jakie b\u0142\u0119dy pope\u0142ni\u0142a obecna RPP w walce z inflacj\u0105. Uwa\u017cam, i m\u00f3wi\u0142am to wcze\u015bniej, \u017ce RPP nie pope\u0142ni\u0142a zasadniczego b\u0142\u0119du. Przyzna\u0142a, \u017ce Polska jest do tego zobowi\u0105zana, ale \u2013 wed\u0142ug niej \u2013 przed Uni\u0105 Europejsk\u0105 stoj\u0105 ogromne zmiany i mo\u017cliwe jest, \u017ce &#8220;przepisy nakazuj\u0105ce rezygnacj\u0119 z naszej waluty ulegn\u0105 zmianie&#8221;. S\u0142owa Mas\u0142owskiej skomentowa\u0142a w &#8220;Jeden na jeden&#8221; by\u0142a prezeska Narodowego Banku Polskiego Hanna Gronkiewicz-Waltz.\u2014 To jest dramat taka wypowied\u017a. Wcze\u015bniej Mas\u0142owska broni\u0142a prezesa NBP Adama Glapi\u0144skiego, przekonuj\u0105c, \u017ce nieprecyzyjne i chybione szacunki dotycz\u0105ce inflacji nie podwa\u017caj\u0105 jego wiarygodno\u015bci, &#8220;bo tak w\u0142a\u015bnie zmienia\u0142a si\u0119 sytuacja&#8221;. Mas\u0142owska ju\u017c raz kandydowa\u0142a do RPP, ale w\u00a0trakcie procedury si\u0119 wycofa\u0142a. Pose\u0142 zosta\u0142a zg\u0142oszona przez grup\u0119 pos\u0142\u00f3w Klubu Parlamentarnego Prawo i Sprawiedliwo\u015b\u0107. Perspektywa obni\u017cek st\u00f3p si\u0119 oddali\u0142a. GUS zrobi\u0142 badanie Z wykszta\u0142cenia jest ekonomistk\u0105, na Wydziale Ekonomicznym Uniwersytetu Marii Curie-Sk\u0142odowskiej w Lublinie uzyska\u0142a stopie\u0144 doktora nauk ekonomicznych. Rada","og_url":"https:\/\/drivin.com.br\/index.php\/2023\/01\/20\/sa-nowe-czlonkinie-rpp-zlozyly-przysiege-przed\/","og_site_name":"Drivin","article_published_time":"2023-01-20T13:18:46+00:00","article_modified_time":"2025-04-11T07:51:21+00:00","author":"admin","twitter_card":"summary_large_image","twitter_misc":{"Escrito por":"admin","Est. tempo de leitura":"9 minutos"},"schema":{"@context":"https:\/\/schema.org","@graph":[{"@type":"WebPage","@id":"https:\/\/drivin.com.br\/index.php\/2023\/01\/20\/sa-nowe-czlonkinie-rpp-zlozyly-przysiege-przed\/","url":"https:\/\/drivin.com.br\/index.php\/2023\/01\/20\/sa-nowe-czlonkinie-rpp-zlozyly-przysiege-przed\/","name":"S\u0105 nowe cz\u0142onkinie RPP Z\u0142o\u017cy\u0142y przysi\u0119g\u0119 przed Sejmem - Drivin","isPartOf":{"@id":"https:\/\/drivin.com.br\/#website"},"datePublished":"2023-01-20T13:18:46+00:00","dateModified":"2025-04-11T07:51:21+00:00","author":{"@id":"https:\/\/drivin.com.br\/#\/schema\/person\/f09e1df8e5a45815354d72b643ad9414"},"breadcrumb":{"@id":"https:\/\/drivin.com.br\/index.php\/2023\/01\/20\/sa-nowe-czlonkinie-rpp-zlozyly-przysiege-przed\/#breadcrumb"},"inLanguage":"pt-BR","potentialAction":[{"@type":"ReadAction","target":["https:\/\/drivin.com.br\/index.php\/2023\/01\/20\/sa-nowe-czlonkinie-rpp-zlozyly-przysiege-przed\/"]}]},{"@type":"BreadcrumbList","@id":"https:\/\/drivin.com.br\/index.php\/2023\/01\/20\/sa-nowe-czlonkinie-rpp-zlozyly-przysiege-przed\/#breadcrumb","itemListElement":[{"@type":"ListItem","position":1,"name":"In\u00edcio","item":"https:\/\/drivin.com.br\/"},{"@type":"ListItem","position":2,"name":"S\u0105 nowe cz\u0142onkinie RPP Z\u0142o\u017cy\u0142y przysi\u0119g\u0119 przed Sejmem"}]},{"@type":"WebSite","@id":"https:\/\/drivin.com.br\/#website","url":"https:\/\/drivin.com.br\/","name":"Drivin","description":"","potentialAction":[{"@type":"SearchAction","target":{"@type":"EntryPoint","urlTemplate":"https:\/\/drivin.com.br\/?s={search_term_string}"},"query-input":"required name=search_term_string"}],"inLanguage":"pt-BR"},{"@type":"Person","@id":"https:\/\/drivin.com.br\/#\/schema\/person\/f09e1df8e5a45815354d72b643ad9414","name":"admin","image":{"@type":"ImageObject","inLanguage":"pt-BR","@id":"https:\/\/drivin.com.br\/#\/schema\/person\/image\/","url":"https:\/\/secure.gravatar.com\/avatar\/2ec426a992e9b32595cf0d724015643493817f529abca5f685b61a70332812df?s=96&d=mm&r=g","contentUrl":"https:\/\/secure.gravatar.com\/avatar\/2ec426a992e9b32595cf0d724015643493817f529abca5f685b61a70332812df?s=96&d=mm&r=g","caption":"admin"},"sameAs":["https:\/\/wp.drivin.com.br"],"url":"https:\/\/drivin.com.br\/index.php\/author\/admin_drivin\/"}]}},"_links":{"self":[{"href":"https:\/\/drivin.com.br\/index.php\/wp-json\/wp\/v2\/posts\/959","targetHints":{"allow":["GET"]}}],"collection":[{"href":"https:\/\/drivin.com.br\/index.php\/wp-json\/wp\/v2\/posts"}],"about":[{"href":"https:\/\/drivin.com.br\/index.php\/wp-json\/wp\/v2\/types\/post"}],"author":[{"embeddable":true,"href":"https:\/\/drivin.com.br\/index.php\/wp-json\/wp\/v2\/users\/1"}],"replies":[{"embeddable":true,"href":"https:\/\/drivin.com.br\/index.php\/wp-json\/wp\/v2\/comments?post=959"}],"version-history":[{"count":1,"href":"https:\/\/drivin.com.br\/index.php\/wp-json\/wp\/v2\/posts\/959\/revisions"}],"predecessor-version":[{"id":960,"href":"https:\/\/drivin.com.br\/index.php\/wp-json\/wp\/v2\/posts\/959\/revisions\/960"}],"wp:attachment":[{"href":"https:\/\/drivin.com.br\/index.php\/wp-json\/wp\/v2\/media?parent=959"}],"wp:term":[{"taxonomy":"category","embeddable":true,"href":"https:\/\/drivin.com.br\/index.php\/wp-json\/wp\/v2\/categories?post=959"},{"taxonomy":"post_tag","embeddable":true,"href":"https:\/\/drivin.com.br\/index.php\/wp-json\/wp\/v2\/tags?post=959"}],"curies":[{"name":"wp","href":"https:\/\/api.w.org\/{rel}","templated":true}]}}